{"id":8382,"date":"2022-12-03T19:28:33","date_gmt":"2022-12-03T19:28:33","guid":{"rendered":"http:\/\/nuaclinic.es\/?p=8382"},"modified":"2025-10-27T11:29:37","modified_gmt":"2025-10-27T11:29:37","slug":"diagnostico-de-discapacidad-cuando-nos-dicen-algo-no-va-bien","status":"publish","type":"post","link":"https:\/\/nuaclinic.es\/esp\/diagnostico-de-discapacidad-cuando-nos-dicen-algo-no-va-bien\/","title":{"rendered":"Diagn\u00f3stico de discapacidad. Cuando nos dicen &#8220;algo no va bien&#8221;"},"content":{"rendered":"\n<h2 class=\"wp-block-heading\">El &#8220;c\u00f3mo&#8221; reciba esa noticia es un aspecto tremendamente importante porque lo recordar\u00e1 toda la vida y puede condicionar la decisi\u00f3n que tome sobre su embarazo<\/h2>\n\n\n\n<p>Hoy 3 de diciembre, <strong>D\u00eda Internacional de las Personas con Discapacidad<\/strong>, queremos hablar de las madres de beb\u00e9s con discapacidad y el impacto emocional que va a generar en ellas.<\/p>\n\n\n\n<p>Cuando una mujer se queda embarazada, con el paso de los d\u00edas comienza a pensar en c\u00f3mo ser\u00e1 su beb\u00e9 y, poco a poco, lo va integrando, haci\u00e9ndose a la idea de que ser\u00e1 mam\u00e1.&nbsp;<\/p>\n\n\n\n<p>Especialmente en el primer embarazo, los d\u00edas de controles m\u00e9dicos son momentos de bastante nerviosismo, para unas m\u00e1s que para otras. A veces, puede sentirse como si fueran a pasar un examen que deben aprobar. Durante las ecograf\u00edas, esos minutos en silencio mientras exploran al beb\u00e9 se pueden hacer eternos\u2026 y cuando se confirma que todo va bien, llega la tranquilidad.<\/p>\n\n\n\n<p>Pero, \u00bfqu\u00e9 pasa si la frase no es &#8220;todo va bien&#8221;? \u00bfqu\u00e9 pasa cuando algo no va bien?<\/p>\n\n\n\n<p><strong>Cuando una madre escucha &#8220;algo no va bien&#8221;<\/strong> se le para el mundo. <strong>El miedo y la angustia, invaden el momento<\/strong>, puede hacerse dif\u00edcil incluso pensar. Solo oye las palabras que le dicen, intentando asimilar lo que est\u00e1 pasando.<\/p>\n\n\n\n<p><strong>El &#8220;c\u00f3mo&#8221; reciba esa noticia es un aspecto tremendamente importante<\/strong> porque lo recordar\u00e1 toda la vida y <strong>puede condicionar la decisi\u00f3n que tome sobre su embarazo.<\/strong><\/p>\n\n\n\n<p>A partir de ese momento, comienza un proceso similar a un duelo, su beb\u00e9 ya no es el que hab\u00eda imaginado.<\/p>\n\n\n\n<p>Las mam\u00e1s que pasan por esas situaciones <strong>pueden sentir un sinf\u00edn de emociones, una de las m\u00e1s habituales es la culpa<\/strong>. Una tremenda culpa &#8220;qu\u00e9 es lo que he hecho mal&#8221;. <\/p>\n\n\n\n<p><strong>Otro sentimiento muy habitual es el de la soledad<\/strong>. Resulta muy dif\u00edcil explicar con palabras lo que les ocurre. Ya no son como las otras madres que disfrutan felizmente de su embarazo y no suelen apuntarse a los grupos convencionales de acompa\u00f1amiento, porque est\u00e1n pasando por un proceso muy diferente.<\/p>\n\n\n\n<p>Sumado a eso, <strong>en muchas ocasiones el \u00e1mbito m\u00e9dico no acompa\u00f1a a las madres y familias<\/strong> debidamente a la hora de dar una noticia dif\u00edcil. <strong>Las palabras que utilizan no son las m\u00e1s correctas y esto provoca un gran sufrimiento.<\/strong><\/p>\n\n\n\n<p>Lo mismo sucede a las madres que reciben una noticia dif\u00edcil de asimilar tras el nacimiento de su beb\u00e9. Una cardiopat\u00eda, una enfermedad, una alteraci\u00f3n morfol\u00f3gica y\/o gen\u00e9tica\u2026 pueden hacer que la realidad cambie radicalmente de la noche a la ma\u00f1ana.<\/p>\n\n\n\n<p><strong>Creemos firmemente en que todas estas madres con diagn\u00f3sticos prenatales de discapacidad de sus beb\u00e9s, as\u00ed como madres de beb\u00e9s nacidos con discapacidad, tienen derecho a estar acompa\u00f1adas, por otras madres.<\/strong> Rodearse de otras madres y familias <strong>de forma emp\u00e1tica, desde el respeto y la comprensi\u00f3n<\/strong>, es un aspecto <strong>fundamental para la salud mental perinatal <\/strong>en estas situaciones.<\/p>\n\n\n\n<p>Desde NUA clinic hemos abierto dos espacios espec\u00edficos para vosotras. Dos grupos de acompa\u00f1amiento gratuitos:<\/p>\n\n\n\n<ul class=\"wp-block-list\">\n<li>Para <a href=\"http:\/\/nuaclinic.es\/esp\/producto\/grupo-de-embarazo-con-diagnostico-prenatal-de-discapacidad\/\" target=\"_blank\" rel=\"noreferrer noopener\">mujeres embarazadas con diagn\u00f3stico prenatal de discapacidad<\/a>.<\/li>\n\n\n\n<li>Para <a href=\"http:\/\/nuaclinic.es\/esp\/producto\/grupo-de-madres-de-bebes-con-discapacidad\/\" target=\"_blank\" rel=\"noreferrer noopener\">madres de beb\u00e9s de 0 a 1 a\u00f1o con discapacidad<\/a>.&nbsp;<\/li>\n<\/ul>\n\n\n\n<p>Si lo est\u00e1s viviendo, no est\u00e1s sola. Vente. Contacta con nosotras. Podemos acompa\u00f1arte en ese proceso.<\/p>\n\n\n\n<p>\u00a1Te esperamos!<\/p>\n\n\n\n<figure class=\"wp-block-image size-large is-resized\"><a href=\"http:\/\/nuaclinic.es\/wp-content\/uploads\/2022\/10\/Mariana-Cazala\u0301-e1666960174471.jpeg\"><img decoding=\"async\" src=\"http:\/\/nuaclinic.es\/wp-content\/uploads\/2022\/10\/Mariana-Cazala\u0301-e1666960174471-817x1024.jpeg\" alt=\"\" class=\"wp-image-8245\" width=\"149\" height=\"187\" srcset=\"https:\/\/nuaclinic.es\/wp-content\/uploads\/2022\/10\/Mariana-Cazala\u0301-e1666960174471-817x1024.jpeg 817w, https:\/\/nuaclinic.es\/wp-content\/uploads\/2022\/10\/Mariana-Cazala\u0301-e1666960174471-239x300.jpeg 239w, https:\/\/nuaclinic.es\/wp-content\/uploads\/2022\/10\/Mariana-Cazala\u0301-e1666960174471-768x963.jpeg 768w, https:\/\/nuaclinic.es\/wp-content\/uploads\/2022\/10\/Mariana-Cazala\u0301-e1666960174471-10x12.jpeg 10w, https:\/\/nuaclinic.es\/wp-content\/uploads\/2022\/10\/Mariana-Cazala\u0301-e1666960174471-600x752.jpeg 600w, https:\/\/nuaclinic.es\/wp-content\/uploads\/2022\/10\/Mariana-Cazala\u0301-e1666960174471-80x100.jpeg 80w, https:\/\/nuaclinic.es\/wp-content\/uploads\/2022\/10\/Mariana-Cazala\u0301-e1666960174471-160x200.jpeg 160w, https:\/\/nuaclinic.es\/wp-content\/uploads\/2022\/10\/Mariana-Cazala\u0301-e1666960174471.jpeg 911w\" sizes=\"(max-width: 149px) 100vw, 149px\" \/><\/a><\/figure>\n\n\n\n<p><strong>Mariana Cazal\u00e1<\/strong><br>Psic\u00f3loga perinatal especializada en acompa\u00f1ar emocionalmente a familias de beb\u00e9s con discapacidad.<\/p>\n","protected":false},"excerpt":{"rendered":"<p>El &#8220;c\u00f3mo&#8221; reciba esa noticia es un aspecto tremendamente importante porque lo recordar\u00e1 toda la vida y puede condicionar la decisi\u00f3n que tome sobre su embarazo Hoy 3 de diciembre,&hellip;<\/p>\n","protected":false},"author":1,"featured_media":8383,"comment_status":"closed","ping_status":"closed","sticky":false,"template":"","format":"standard","meta":{"_eb_attr":"","_joinchat":[],"footnotes":""},"categories":[23,22],"tags":[103,102,66,88,81],"class_list":["post-8382","post","type-post","status-publish","format-standard","has-post-thumbnail","hentry","category-nua-clinic","category-psicologia","tag-acompanamiento-emocional","tag-discapacidad","tag-emociones","tag-psicologia","tag-psicologia-perinatal"],"yoast_head":"<!-- This site is optimized with the Yoast SEO plugin v27.4 - https:\/\/yoast.com\/product\/yoast-seo-wordpress\/ -->\n<title>Diagn\u00f3stico de discapacidad. Cuando nos dicen &quot;algo no va bien&quot; - Nua Clinic<\/title>\n<meta name=\"robots\" content=\"index, follow, max-snippet:-1, max-image-preview:large, max-video-preview:-1\" \/>\n<link rel=\"canonical\" href=\"https:\/\/nuaclinic.es\/esp\/diagnostico-de-discapacidad-cuando-nos-dicen-algo-no-va-bien\/\" \/>\n<meta property=\"og:locale\" content=\"es_ES\" \/>\n<meta property=\"og:type\" content=\"article\" \/>\n<meta property=\"og:title\" content=\"Diagn\u00f3stico de discapacidad. Cuando nos dicen &quot;algo no va bien&quot; - Nua Clinic\" \/>\n<meta property=\"og:description\" content=\"El &#8220;c\u00f3mo&#8221; reciba esa noticia es un aspecto tremendamente importante porque lo recordar\u00e1 toda la vida y puede condicionar la decisi\u00f3n que tome sobre su embarazo Hoy 3 de diciembre,&hellip;\" \/>\n<meta property=\"og:url\" content=\"https:\/\/nuaclinic.es\/esp\/diagnostico-de-discapacidad-cuando-nos-dicen-algo-no-va-bien\/\" \/>\n<meta property=\"og:site_name\" content=\"Nua Clinic\" \/>\n<meta property=\"article:published_time\" content=\"2022-12-03T19:28:33+00:00\" \/>\n<meta property=\"article:modified_time\" content=\"2025-10-27T11:29:37+00:00\" \/>\n<meta property=\"og:image\" content=\"http:\/\/nuaclinic.es\/wp-content\/uploads\/2022\/12\/pexels-kampus-production-6249910-scaled.jpg\" \/>\n\t<meta property=\"og:image:width\" content=\"2560\" \/>\n\t<meta property=\"og:image:height\" content=\"1710\" \/>\n\t<meta property=\"og:image:type\" content=\"image\/jpeg\" \/>\n<meta name=\"author\" content=\"admin\" \/>\n<meta name=\"twitter:card\" content=\"summary_large_image\" \/>\n<meta name=\"twitter:label1\" content=\"Escrito por\" \/>\n\t<meta name=\"twitter:data1\" content=\"admin\" \/>\n\t<meta name=\"twitter:label2\" content=\"Tiempo de lectura\" \/>\n\t<meta name=\"twitter:data2\" content=\"3 minutos\" \/>\n<script type=\"application\/ld+json\" class=\"yoast-schema-graph\">{\"@context\":\"https:\\\/\\\/schema.org\",\"@graph\":[{\"@type\":\"Article\",\"@id\":\"https:\\\/\\\/nuaclinic.es\\\/diagnostico-de-discapacidad-cuando-nos-dicen-algo-no-va-bien\\\/#article\",\"isPartOf\":{\"@id\":\"https:\\\/\\\/nuaclinic.es\\\/diagnostico-de-discapacidad-cuando-nos-dicen-algo-no-va-bien\\\/\"},\"author\":{\"name\":\"admin\",\"@id\":\"https:\\\/\\\/nuaclinic.es\\\/esp\\\/#\\\/schema\\\/person\\\/5377aee1da5c974cc21db0743705e772\"},\"headline\":\"Diagn\u00f3stico de discapacidad. Cuando nos dicen &#8220;algo no va bien&#8221;\",\"datePublished\":\"2022-12-03T19:28:33+00:00\",\"dateModified\":\"2025-10-27T11:29:37+00:00\",\"mainEntityOfPage\":{\"@id\":\"https:\\\/\\\/nuaclinic.es\\\/diagnostico-de-discapacidad-cuando-nos-dicen-algo-no-va-bien\\\/\"},\"wordCount\":601,\"publisher\":{\"@id\":\"https:\\\/\\\/nuaclinic.es\\\/esp\\\/#organization\"},\"image\":{\"@id\":\"https:\\\/\\\/nuaclinic.es\\\/diagnostico-de-discapacidad-cuando-nos-dicen-algo-no-va-bien\\\/#primaryimage\"},\"thumbnailUrl\":\"https:\\\/\\\/nuaclinic.es\\\/wp-content\\\/uploads\\\/2022\\\/12\\\/pexels-kampus-production-6249910-scaled.jpg\",\"keywords\":[\"acompa\u00f1amiento emocional\",\"discapacidad\",\"emociones\",\"psicolog\u00eda\",\"psicolog\u00eda perinatal\"],\"articleSection\":[\"Nua Clinic\",\"Psicolog\u00eda\"],\"inLanguage\":\"es\"},{\"@type\":\"WebPage\",\"@id\":\"https:\\\/\\\/nuaclinic.es\\\/diagnostico-de-discapacidad-cuando-nos-dicen-algo-no-va-bien\\\/\",\"url\":\"https:\\\/\\\/nuaclinic.es\\\/diagnostico-de-discapacidad-cuando-nos-dicen-algo-no-va-bien\\\/\",\"name\":\"Diagn\u00f3stico de discapacidad. Cuando nos dicen \\\"algo no va bien\\\" - Nua Clinic\",\"isPartOf\":{\"@id\":\"https:\\\/\\\/nuaclinic.es\\\/esp\\\/#website\"},\"primaryImageOfPage\":{\"@id\":\"https:\\\/\\\/nuaclinic.es\\\/diagnostico-de-discapacidad-cuando-nos-dicen-algo-no-va-bien\\\/#primaryimage\"},\"image\":{\"@id\":\"https:\\\/\\\/nuaclinic.es\\\/diagnostico-de-discapacidad-cuando-nos-dicen-algo-no-va-bien\\\/#primaryimage\"},\"thumbnailUrl\":\"https:\\\/\\\/nuaclinic.es\\\/wp-content\\\/uploads\\\/2022\\\/12\\\/pexels-kampus-production-6249910-scaled.jpg\",\"datePublished\":\"2022-12-03T19:28:33+00:00\",\"dateModified\":\"2025-10-27T11:29:37+00:00\",\"breadcrumb\":{\"@id\":\"https:\\\/\\\/nuaclinic.es\\\/diagnostico-de-discapacidad-cuando-nos-dicen-algo-no-va-bien\\\/#breadcrumb\"},\"inLanguage\":\"es\",\"potentialAction\":[{\"@type\":\"ReadAction\",\"target\":[\"https:\\\/\\\/nuaclinic.es\\\/diagnostico-de-discapacidad-cuando-nos-dicen-algo-no-va-bien\\\/\"]}]},{\"@type\":\"ImageObject\",\"inLanguage\":\"es\",\"@id\":\"https:\\\/\\\/nuaclinic.es\\\/diagnostico-de-discapacidad-cuando-nos-dicen-algo-no-va-bien\\\/#primaryimage\",\"url\":\"https:\\\/\\\/nuaclinic.es\\\/wp-content\\\/uploads\\\/2022\\\/12\\\/pexels-kampus-production-6249910-scaled.jpg\",\"contentUrl\":\"https:\\\/\\\/nuaclinic.es\\\/wp-content\\\/uploads\\\/2022\\\/12\\\/pexels-kampus-production-6249910-scaled.jpg\",\"width\":2560,\"height\":1710},{\"@type\":\"BreadcrumbList\",\"@id\":\"https:\\\/\\\/nuaclinic.es\\\/diagnostico-de-discapacidad-cuando-nos-dicen-algo-no-va-bien\\\/#breadcrumb\",\"itemListElement\":[{\"@type\":\"ListItem\",\"position\":1,\"name\":\"Portada\",\"item\":\"https:\\\/\\\/nuaclinic.es\\\/\"},{\"@type\":\"ListItem\",\"position\":2,\"name\":\"Diagn\u00f3stico de discapacidad. Cuando nos dicen &#8220;algo no va bien&#8221;\"}]},{\"@type\":\"WebSite\",\"@id\":\"https:\\\/\\\/nuaclinic.es\\\/esp\\\/#website\",\"url\":\"https:\\\/\\\/nuaclinic.es\\\/esp\\\/\",\"name\":\"Nua Clinic\",\"description\":\"Cl\u00ednica de atenci\u00f3n integral a la mujer ubicada en Barcelona. Atenci\u00f3n presencial y online. Equipo multidisciplinar  que trabajamos de forma interdisciplinar para poder prestar una atenci\u00f3n de calidad a las personas que acuden a nuestra consulta\",\"publisher\":{\"@id\":\"https:\\\/\\\/nuaclinic.es\\\/esp\\\/#organization\"},\"potentialAction\":[{\"@type\":\"SearchAction\",\"target\":{\"@type\":\"EntryPoint\",\"urlTemplate\":\"https:\\\/\\\/nuaclinic.es\\\/esp\\\/?s={search_term_string}\"},\"query-input\":{\"@type\":\"PropertyValueSpecification\",\"valueRequired\":true,\"valueName\":\"search_term_string\"}}],\"inLanguage\":\"es\"},{\"@type\":\"Organization\",\"@id\":\"https:\\\/\\\/nuaclinic.es\\\/esp\\\/#organization\",\"name\":\"Nua Clinic\",\"url\":\"https:\\\/\\\/nuaclinic.es\\\/esp\\\/\",\"logo\":{\"@type\":\"ImageObject\",\"inLanguage\":\"es\",\"@id\":\"https:\\\/\\\/nuaclinic.es\\\/esp\\\/#\\\/schema\\\/logo\\\/image\\\/\",\"url\":\"https:\\\/\\\/nuaclinic.es\\\/wp-content\\\/uploads\\\/2025\\\/10\\\/logo-nua-clinic.png\",\"contentUrl\":\"https:\\\/\\\/nuaclinic.es\\\/wp-content\\\/uploads\\\/2025\\\/10\\\/logo-nua-clinic.png\",\"width\":1748,\"height\":1748,\"caption\":\"Nua Clinic\"},\"image\":{\"@id\":\"https:\\\/\\\/nuaclinic.es\\\/esp\\\/#\\\/schema\\\/logo\\\/image\\\/\"}},{\"@type\":\"Person\",\"@id\":\"https:\\\/\\\/nuaclinic.es\\\/esp\\\/#\\\/schema\\\/person\\\/5377aee1da5c974cc21db0743705e772\",\"name\":\"admin\",\"sameAs\":[\"http:\\\/\\\/nuaclinic.cat\"],\"url\":\"https:\\\/\\\/nuaclinic.es\\\/esp\\\/author\\\/admin\\\/\"}]}<\/script>\n<!-- \/ Yoast SEO plugin. -->","yoast_head_json":{"title":"Diagn\u00f3stico de discapacidad. Cuando nos dicen \"algo no va bien\" - Nua Clinic","robots":{"index":"index","follow":"follow","max-snippet":"max-snippet:-1","max-image-preview":"max-image-preview:large","max-video-preview":"max-video-preview:-1"},"canonical":"https:\/\/nuaclinic.es\/esp\/diagnostico-de-discapacidad-cuando-nos-dicen-algo-no-va-bien\/","og_locale":"es_ES","og_type":"article","og_title":"Diagn\u00f3stico de discapacidad. Cuando nos dicen \"algo no va bien\" - Nua Clinic","og_description":"El &#8220;c\u00f3mo&#8221; reciba esa noticia es un aspecto tremendamente importante porque lo recordar\u00e1 toda la vida y puede condicionar la decisi\u00f3n que tome sobre su embarazo Hoy 3 de diciembre,&hellip;","og_url":"https:\/\/nuaclinic.es\/esp\/diagnostico-de-discapacidad-cuando-nos-dicen-algo-no-va-bien\/","og_site_name":"Nua Clinic","article_published_time":"2022-12-03T19:28:33+00:00","article_modified_time":"2025-10-27T11:29:37+00:00","og_image":[{"width":2560,"height":1710,"url":"http:\/\/nuaclinic.es\/wp-content\/uploads\/2022\/12\/pexels-kampus-production-6249910-scaled.jpg","type":"image\/jpeg"}],"author":"admin","twitter_card":"summary_large_image","twitter_misc":{"Escrito por":"admin","Tiempo de lectura":"3 minutos"},"schema":{"@context":"https:\/\/schema.org","@graph":[{"@type":"Article","@id":"https:\/\/nuaclinic.es\/diagnostico-de-discapacidad-cuando-nos-dicen-algo-no-va-bien\/#article","isPartOf":{"@id":"https:\/\/nuaclinic.es\/diagnostico-de-discapacidad-cuando-nos-dicen-algo-no-va-bien\/"},"author":{"name":"admin","@id":"https:\/\/nuaclinic.es\/esp\/#\/schema\/person\/5377aee1da5c974cc21db0743705e772"},"headline":"Diagn\u00f3stico de discapacidad. Cuando nos dicen &#8220;algo no va bien&#8221;","datePublished":"2022-12-03T19:28:33+00:00","dateModified":"2025-10-27T11:29:37+00:00","mainEntityOfPage":{"@id":"https:\/\/nuaclinic.es\/diagnostico-de-discapacidad-cuando-nos-dicen-algo-no-va-bien\/"},"wordCount":601,"publisher":{"@id":"https:\/\/nuaclinic.es\/esp\/#organization"},"image":{"@id":"https:\/\/nuaclinic.es\/diagnostico-de-discapacidad-cuando-nos-dicen-algo-no-va-bien\/#primaryimage"},"thumbnailUrl":"https:\/\/nuaclinic.es\/wp-content\/uploads\/2022\/12\/pexels-kampus-production-6249910-scaled.jpg","keywords":["acompa\u00f1amiento emocional","discapacidad","emociones","psicolog\u00eda","psicolog\u00eda perinatal"],"articleSection":["Nua Clinic","Psicolog\u00eda"],"inLanguage":"es"},{"@type":"WebPage","@id":"https:\/\/nuaclinic.es\/diagnostico-de-discapacidad-cuando-nos-dicen-algo-no-va-bien\/","url":"https:\/\/nuaclinic.es\/diagnostico-de-discapacidad-cuando-nos-dicen-algo-no-va-bien\/","name":"Diagn\u00f3stico de discapacidad. Cuando nos dicen \"algo no va bien\" - Nua Clinic","isPartOf":{"@id":"https:\/\/nuaclinic.es\/esp\/#website"},"primaryImageOfPage":{"@id":"https:\/\/nuaclinic.es\/diagnostico-de-discapacidad-cuando-nos-dicen-algo-no-va-bien\/#primaryimage"},"image":{"@id":"https:\/\/nuaclinic.es\/diagnostico-de-discapacidad-cuando-nos-dicen-algo-no-va-bien\/#primaryimage"},"thumbnailUrl":"https:\/\/nuaclinic.es\/wp-content\/uploads\/2022\/12\/pexels-kampus-production-6249910-scaled.jpg","datePublished":"2022-12-03T19:28:33+00:00","dateModified":"2025-10-27T11:29:37+00:00","breadcrumb":{"@id":"https:\/\/nuaclinic.es\/diagnostico-de-discapacidad-cuando-nos-dicen-algo-no-va-bien\/#breadcrumb"},"inLanguage":"es","potentialAction":[{"@type":"ReadAction","target":["https:\/\/nuaclinic.es\/diagnostico-de-discapacidad-cuando-nos-dicen-algo-no-va-bien\/"]}]},{"@type":"ImageObject","inLanguage":"es","@id":"https:\/\/nuaclinic.es\/diagnostico-de-discapacidad-cuando-nos-dicen-algo-no-va-bien\/#primaryimage","url":"https:\/\/nuaclinic.es\/wp-content\/uploads\/2022\/12\/pexels-kampus-production-6249910-scaled.jpg","contentUrl":"https:\/\/nuaclinic.es\/wp-content\/uploads\/2022\/12\/pexels-kampus-production-6249910-scaled.jpg","width":2560,"height":1710},{"@type":"BreadcrumbList","@id":"https:\/\/nuaclinic.es\/diagnostico-de-discapacidad-cuando-nos-dicen-algo-no-va-bien\/#breadcrumb","itemListElement":[{"@type":"ListItem","position":1,"name":"Portada","item":"https:\/\/nuaclinic.es\/"},{"@type":"ListItem","position":2,"name":"Diagn\u00f3stico de discapacidad. Cuando nos dicen &#8220;algo no va bien&#8221;"}]},{"@type":"WebSite","@id":"https:\/\/nuaclinic.es\/esp\/#website","url":"https:\/\/nuaclinic.es\/esp\/","name":"Nua Clinic","description":"Cl\u00ednica de atenci\u00f3n integral a la mujer ubicada en Barcelona. Atenci\u00f3n presencial y online. Equipo multidisciplinar  que trabajamos de forma interdisciplinar para poder prestar una atenci\u00f3n de calidad a las personas que acuden a nuestra consulta","publisher":{"@id":"https:\/\/nuaclinic.es\/esp\/#organization"},"potentialAction":[{"@type":"SearchAction","target":{"@type":"EntryPoint","urlTemplate":"https:\/\/nuaclinic.es\/esp\/?s={search_term_string}"},"query-input":{"@type":"PropertyValueSpecification","valueRequired":true,"valueName":"search_term_string"}}],"inLanguage":"es"},{"@type":"Organization","@id":"https:\/\/nuaclinic.es\/esp\/#organization","name":"Nua Clinic","url":"https:\/\/nuaclinic.es\/esp\/","logo":{"@type":"ImageObject","inLanguage":"es","@id":"https:\/\/nuaclinic.es\/esp\/#\/schema\/logo\/image\/","url":"https:\/\/nuaclinic.es\/wp-content\/uploads\/2025\/10\/logo-nua-clinic.png","contentUrl":"https:\/\/nuaclinic.es\/wp-content\/uploads\/2025\/10\/logo-nua-clinic.png","width":1748,"height":1748,"caption":"Nua Clinic"},"image":{"@id":"https:\/\/nuaclinic.es\/esp\/#\/schema\/logo\/image\/"}},{"@type":"Person","@id":"https:\/\/nuaclinic.es\/esp\/#\/schema\/person\/5377aee1da5c974cc21db0743705e772","name":"admin","sameAs":["http:\/\/nuaclinic.cat"],"url":"https:\/\/nuaclinic.es\/esp\/author\/admin\/"}]}},"_links":{"self":[{"href":"https:\/\/nuaclinic.es\/esp\/wp-json\/wp\/v2\/posts\/8382","targetHints":{"allow":["GET"]}}],"collection":[{"href":"https:\/\/nuaclinic.es\/esp\/wp-json\/wp\/v2\/posts"}],"about":[{"href":"https:\/\/nuaclinic.es\/esp\/wp-json\/wp\/v2\/types\/post"}],"author":[{"embeddable":true,"href":"https:\/\/nuaclinic.es\/esp\/wp-json\/wp\/v2\/users\/1"}],"replies":[{"embeddable":true,"href":"https:\/\/nuaclinic.es\/esp\/wp-json\/wp\/v2\/comments?post=8382"}],"version-history":[{"count":1,"href":"https:\/\/nuaclinic.es\/esp\/wp-json\/wp\/v2\/posts\/8382\/revisions"}],"predecessor-version":[{"id":10052,"href":"https:\/\/nuaclinic.es\/esp\/wp-json\/wp\/v2\/posts\/8382\/revisions\/10052"}],"wp:featuredmedia":[{"embeddable":true,"href":"https:\/\/nuaclinic.es\/esp\/wp-json\/wp\/v2\/media\/8383"}],"wp:attachment":[{"href":"https:\/\/nuaclinic.es\/esp\/wp-json\/wp\/v2\/media?parent=8382"}],"wp:term":[{"taxonomy":"category","embeddable":true,"href":"https:\/\/nuaclinic.es\/esp\/wp-json\/wp\/v2\/categories?post=8382"},{"taxonomy":"post_tag","embeddable":true,"href":"https:\/\/nuaclinic.es\/esp\/wp-json\/wp\/v2\/tags?post=8382"}],"curies":[{"name":"wp","href":"https:\/\/api.w.org\/{rel}","templated":true}]}}